{"id":3546,"date":"2026-01-05T10:58:41","date_gmt":"2026-01-05T16:58:41","guid":{"rendered":"https:\/\/psicometricas.com\/blog\/?p=3546"},"modified":"2026-01-05T11:05:21","modified_gmt":"2026-01-05T17:05:21","slug":"aumento-salarial-jornadas-reducidas-y-nuevas-reformas-laborales-en-mexico","status":"publish","type":"post","link":"https:\/\/psicometricas.com\/blog\/aumento-salarial-jornadas-reducidas-y-nuevas-reformas-laborales-en-mexico\/","title":{"rendered":"Aumento salarial, jornadas reducidas y nuevas reformas laborales en M\u00e9xico: lo que RH debe anticipar rumbo a 2026"},"content":{"rendered":"\n<p>En los \u00faltimos a\u00f1os, el entorno laboral en M\u00e9xico ha cambiado m\u00e1s r\u00e1pido que en d\u00e9cadas anteriores. Para Recursos Humanos, el reto ya no es esperar a que una reforma se publique para reaccionar, sino <strong>anticipar sus efectos reales<\/strong> en costos, equidad interna, productividad y clima laboral.<\/p>\n\n\n\n<p>Hablar de 2026 no es especular: es proyectar a partir de <strong>tendencias ya implementadas<\/strong>, con datos concretos y escenarios plausibles.<\/p>\n\n\n\n<hr class=\"wp-block-separator has-alpha-channel-opacity\"\/>\n\n\n\n<h2 class=\"wp-block-heading\">Aumento salarial: &nbsp;lo que RH debe proyectar<\/h2>\n\n\n\n<h3 class=\"wp-block-heading\">\u00bfD\u00f3nde estamos hoy con el salario m\u00ednimo?<\/h3>\n\n\n\n<p>Al cierre de <strong>2024<\/strong>, el salario m\u00ednimo en M\u00e9xico se ubic\u00f3 aproximadamente en:<\/p>\n\n\n\n<figure class=\"wp-block-table\"><table class=\"has-fixed-layout\"><thead><tr><td><strong>Zona<\/strong><\/td><td><strong>Salario diario<\/strong><\/td><td><strong>Salario mensual aproximado<\/strong><\/td><\/tr><\/thead><tbody><tr><td>Zona general<\/td><td>$249 MXN<\/td><td>~$7,470 MXN<\/td><\/tr><tr><td>Zona frontera norte<\/td><td>$375 MXN<\/td><td>~$11,250 MXN<\/td><\/tr><\/tbody><\/table><\/figure>\n\n\n\n<p>Estos valores reflejan <strong>incrementos acumulados superiores al 100% en menos de una d\u00e9cada<\/strong>, una se\u00f1al clara de que la pol\u00edtica salarial seguir\u00e1 enfocada en recuperar el poder adquisitivo.<\/p>\n\n\n\n<p>M\u00e1s all\u00e1 del porcentaje exacto que se determine para 2026, el mensaje ha sido consistente:<\/p>\n\n\n\n<p>El salario m\u00ednimo continuar\u00e1 aumentando <strong>por encima de la inflaci\u00f3n<\/strong>.<\/p>\n\n\n\n<hr class=\"wp-block-separator has-alpha-channel-opacity\"\/>\n\n\n\n<h3 class=\"wp-block-heading\">Escenarios salariales que RH s\u00ed deber\u00eda estar modelando<\/h3>\n\n\n\n<p>Aunque no existe una cifra oficial para 2026, RH no puede trabajar con un solo n\u00famero. Lo recomendable es proyectar <strong>escenarios<\/strong>:<\/p>\n\n\n\n<figure class=\"wp-block-table\"><table class=\"has-fixed-layout\"><thead><tr><td><strong>Escenario<\/strong><\/td><td><strong>Incremento anual estimado<\/strong><\/td><td><strong>Riesgo si no se planea<\/strong><\/td><\/tr><\/thead><tbody><tr><td>Conservador<\/td><td>8\u201310%<\/td><td>Ajustes reactivos, presi\u00f3n presupuestal<\/td><\/tr><tr><td>Probable<\/td><td>12\u201315%<\/td><td>Compresi\u00f3n salarial moderada<\/td><\/tr><tr><td>Agresivo<\/td><td>18\u201320%<\/td><td>Conflictos internos, rotaci\u00f3n<\/td><\/tr><\/tbody><\/table><\/figure>\n\n\n\n<p>No anticipar estos escenarios <strong>expone a la empresa<\/strong>, incluso si el aumento final resulta menor.<\/p>\n\n\n\n<hr class=\"wp-block-separator has-alpha-channel-opacity\"\/>\n\n\n\n<h2 class=\"wp-block-heading\">Compresi\u00f3n salarial: el efecto silencioso del aumento al salario m\u00ednimo<\/h2>\n\n\n\n<p>Uno de los efectos m\u00e1s complejos del aumento al salario m\u00ednimo no es el incremento en s\u00ed, sino la <strong>compresi\u00f3n salarial<\/strong>, un fen\u00f3meno que ya est\u00e1 ocurriendo en muchas organizaciones.<\/p>\n\n\n\n<h3 class=\"wp-block-heading\">\u00bfQu\u00e9 est\u00e1 pasando en la pr\u00e1ctica?<\/h3>\n\n\n\n<figure class=\"wp-block-table\"><table class=\"has-fixed-layout\"><thead><tr><td><strong>Antes<\/strong><\/td><td><strong>Ahora<\/strong><\/td><\/tr><\/thead><tbody><tr><td>Puestos ligeramente arriba del m\u00ednimo<\/td><td>Quedan casi igualados<\/td><\/tr><tr><td>Diferencias claras por responsabilidad<\/td><td>Diferencias m\u00ednimas<\/td><\/tr><tr><td>Mayor carga y presi\u00f3n<\/td><td>Menor incentivo percibido<\/td><\/tr><\/tbody><\/table><\/figure>\n\n\n\n<p>Esto afecta especialmente a:<\/p>\n\n\n\n<ul class=\"wp-block-list\">\n<li>Puestos operativos con responsabilidades adicionales<\/li>\n\n\n\n<li>Mandos medios iniciales<\/li>\n\n\n\n<li>Personal con experiencia, pero sin reajustes hist\u00f3ricos<\/li>\n<\/ul>\n\n\n\n<h3 class=\"wp-block-heading\">\u00bfQu\u00e9 puede hacer RH frente a la compresi\u00f3n salarial?<\/h3>\n\n\n\n<ul class=\"wp-block-list\">\n<li>Revisar <strong>bandas salariales completas<\/strong>, no solo el m\u00ednimo<\/li>\n\n\n\n<li>Ajustar por <strong>nivel de responsabilidad<\/strong>, no de forma general<\/li>\n\n\n\n<li>Usar <a href=\"https:\/\/psicometricas.com\/blog\/como-llevar-a-cabo-una-evaluacion-de-desempeno\/\">evaluaciones objetivas de puesto y desempe\u00f1o<\/a><\/li>\n\n\n\n<li>Comunicar con claridad el criterio detr\u00e1s de los ajustes<\/li>\n<\/ul>\n\n\n\n<p>Aqu\u00ed, RH necesita <strong>datos y argumentos<\/strong>, no solo cumplimiento legal.<\/p>\n\n\n\n<hr class=\"wp-block-separator has-alpha-channel-opacity\"\/>\n\n\n\n<h2 class=\"wp-block-heading\">Reducci\u00f3n de la jornada laboral: qu\u00e9 se discute y qu\u00e9 se puede anticipar<\/h2>\n\n\n\n<h3 class=\"wp-block-heading\">\u00bfEst\u00e1 definida la jornada de 40 horas?<\/h3>\n\n\n\n<p>No. Pero s\u00ed existe un consenso creciente sobre una <strong>transici\u00f3n gradual<\/strong> hacia jornadas m\u00e1s cortas.<\/p>\n\n\n\n<p>Lo que se ha discutido p\u00fablicamente apunta a:<\/p>\n\n\n\n<ul class=\"wp-block-list\">\n<li>Implementaci\u00f3n por etapas<\/li>\n\n\n\n<li>Periodos de adaptaci\u00f3n<\/li>\n\n\n\n<li>Diferencias por sector y tama\u00f1o de empresa<\/li>\n<\/ul>\n\n\n\n<p>Para RH, el error ser\u00eda esperar una fecha exacta para comenzar a actuar.<\/p>\n\n\n\n<hr class=\"wp-block-separator has-alpha-channel-opacity\"\/>\n\n\n\n<h3 class=\"wp-block-heading\">Impacto seg\u00fan tipo de empresa<\/h3>\n\n\n\n<p><strong>Empresas operativas y presenciales<\/strong><\/p>\n\n\n\n<figure class=\"wp-block-table\"><table class=\"has-fixed-layout\"><thead><tr><td><strong>Impacto<\/strong><\/td><td><strong>Riesgo<\/strong><\/td><\/tr><\/thead><tbody><tr><td>Reducci\u00f3n de horas<\/td><td>Falta de cobertura<\/td><\/tr><tr><td>Turnos m\u00e1s cortos<\/td><td>Necesidad de m\u00e1s personal<\/td><\/tr><tr><td>Costos operativos<\/td><td>Presi\u00f3n financiera<\/td><\/tr><\/tbody><\/table><\/figure>\n\n\n\n<p>Estas empresas requieren <strong>redise\u00f1o de turnos y procesos<\/strong>, no solo reducci\u00f3n de horas.<\/p>\n\n\n\n<hr class=\"wp-block-separator has-alpha-channel-opacity\"\/>\n\n\n\n<p><strong>Empresas administrativas, de servicios y home office<\/strong><\/p>\n\n\n\n<p>Aqu\u00ed el reto es distinto. No se trata solo de horario, sino de <strong>carga real de trabajo<\/strong>.<\/p>\n\n\n\n<figure class=\"wp-block-table\"><table class=\"has-fixed-layout\"><thead><tr><td><strong>Situaci\u00f3n com\u00fan<\/strong><\/td><td><strong>Riesgo<\/strong><\/td><\/tr><\/thead><tbody><tr><td>Horarios flexibles en papel<\/td><td>Jornadas extendidas en la pr\u00e1ctica<\/td><\/tr><tr><td>Disponibilidad constante<\/td><td>Burnout<\/td><\/tr><tr><td>Medici\u00f3n por horas<\/td><td>Baja productividad real<\/td><\/tr><\/tbody><\/table><\/figure>\n\n\n\n<p>Reducir horas sin redise\u00f1ar procesos <strong>solo concentra el trabajo<\/strong>, no lo reduce.<\/p>\n\n\n\n<hr class=\"wp-block-separator has-alpha-channel-opacity\"\/>\n\n\n\n<h2 class=\"wp-block-heading\">\u00bfQu\u00e9 pasa con empresas 100% home office?<\/h2>\n\n\n\n<p>Uno de los puntos menos discutidos en las reformas laborales es el impacto en esquemas remotos.<\/p>\n\n\n\n<h3 class=\"wp-block-heading\">Riesgos actuales en empresas con trabajo remoto<\/h3>\n\n\n\n<p>En muchas organizaciones:<\/p>\n\n\n\n<ul class=\"wp-block-list\">\n<li>No hay control horario formal<\/li>\n\n\n\n<li>La disponibilidad se extiende m\u00e1s all\u00e1 del horario laboral<\/li>\n\n\n\n<li>El desgaste mental es mayor<\/li>\n<\/ul>\n\n\n\n<p>RH debe anticipar que futuras regulaciones <strong>tambi\u00e9n alcanzar\u00e1n estos esquemas<\/strong>, especialmente en temas de:<\/p>\n\n\n\n<ul class=\"wp-block-list\">\n<li>L\u00edmites de jornada<\/li>\n\n\n\n<li>Derecho a la desconexi\u00f3n<\/li>\n\n\n\n<li>Prevenci\u00f3n de riesgos psicosociales<\/li>\n<\/ul>\n\n\n\n<hr class=\"wp-block-separator has-alpha-channel-opacity\"\/>\n\n\n\n<h2 class=\"wp-block-heading\">Reformas laborales: el problema no es la ley, es la implementaci\u00f3n<\/h2>\n\n\n\n<p>Las reformas laborales rara vez generan conflictos por su contenido, sino por <strong>c\u00f3mo se implementan dentro de la empresa<\/strong>.<\/p>\n\n\n\n<h3 class=\"wp-block-heading\">Por qu\u00e9 las reformas suelen fallar dentro de las empresas<\/h3>\n\n\n\n<p>RH deber\u00e1 anticipar:<\/p>\n\n\n\n<ul class=\"wp-block-list\">\n<li>Cambios en pol\u00edticas internas<\/li>\n\n\n\n<li>Ajustes en contratos y reglamentos<\/li>\n\n\n\n<li>Capacitaci\u00f3n real a l\u00edderes y mandos medios<\/li>\n\n\n\n<li>Comunicaci\u00f3n clara y oportuna con los colaboradores<\/li>\n<\/ul>\n\n\n\n<p>Sin una implementaci\u00f3n adecuada, incluso reformas bien intencionadas generan resistencia e incertidumbre.<\/p>\n\n\n\n<hr class=\"wp-block-separator has-alpha-channel-opacity\"\/>\n\n\n\n<h3 class=\"wp-block-heading\">Qu\u00e9 deber\u00eda estar haciendo RH desde hoy<\/h3>\n\n\n\n<p>M\u00e1s all\u00e1 del an\u00e1lisis, hay acciones claras que RH puede iniciar:<\/p>\n\n\n\n<figure class=\"wp-block-table\"><table class=\"has-fixed-layout\"><thead><tr><td><strong>Acci\u00f3n<\/strong><\/td><td><strong>Objetivo<\/strong><\/td><\/tr><\/thead><tbody><tr><td>Modelar escenarios salariales a 2\u20133 a\u00f1os<\/td><td>Evitar decisiones reactivas<\/td><\/tr><tr><td>Detectar puestos en riesgo de compresi\u00f3n<\/td><td>Proteger talento clave<\/td><\/tr><tr><td>Redise\u00f1ar trabajo por objetivos<\/td><td>Prepararse para jornadas reducidas<\/td><\/tr><tr><td>Evaluar carga laboral y estr\u00e9s<\/td><td>Prevenir riesgos psicosociales<\/td><\/tr><tr><td>Preparar mensajes claros<\/td><td>Reducir incertidumbre interna<\/td><\/tr><\/tbody><\/table><\/figure>\n\n\n\n<hr class=\"wp-block-separator has-alpha-channel-opacity\"\/>\n\n\n\n<h2 class=\"wp-block-heading\">Conclusi\u00f3n para este 2026<\/h2>\n\n\n\n<p>Aumento salarial, jornadas reducidas y nuevas reformas laborales no llegar\u00e1n de golpe, pero <strong>ya est\u00e1n generando efectos hoy<\/strong>.<\/p>\n\n\n\n<p>Las organizaciones que llegar\u00e1n mejor preparadas a 2026 ser\u00e1n aquellas que:<\/p>\n\n\n\n<ul class=\"wp-block-list\">\n<li>Anticipen con datos<\/li>\n\n\n\n<li>Corrijan inequidades internas<\/li>\n\n\n\n<li>Ajusten su forma de trabajar<\/li>\n\n\n\n<li>Fortalezcan el rol estrat\u00e9gico de RH<\/li>\n<\/ul>\n\n\n\n<p>En <strong>psicom\u00e9tricas<\/strong>, apoyamos a las \u00e1reas de Recursos Humanos con herramientas de evaluaci\u00f3n y diagn\u00f3stico que permiten <strong>tomar decisiones informadas<\/strong>, cuidar al talento y prepararse de forma realista ante los cambios laborales que vienen.<\/p>\n\n\n\n<p><\/p>\n","protected":false},"excerpt":{"rendered":"<p>En los \u00faltimos a\u00f1os, el entorno laboral en M\u00e9xico ha cambiado m\u00e1s r\u00e1pido que en d\u00e9cadas anteriores. Para Recursos Humanos, el reto ya no es esperar a que una reforma se publique para reaccionar, sino anticipar sus efectos reales en costos, equidad interna, productividad y clima laboral. Hablar de 2026 no es especular: es proyectar [&hellip;]<\/p>\n","protected":false},"author":12,"featured_media":3553,"comment_status":"closed","ping_status":"closed","sticky":true,"template":"","format":"standard","meta":{"inline_featured_image":false,"footnotes":""},"categories":[60,21],"tags":[],"class_list":["post-3546","post","type-post","status-publish","format-standard","has-post-thumbnail","hentry","category-ambiente-laboral","category-consejos"],"yoast_head":"<!-- This site is optimized with the Yoast SEO plugin v26.3 - https:\/\/yoast.com\/wordpress\/plugins\/seo\/ -->\n<title>Aumento salarial, jornadas reducidas y nuevas reformas laborales en M\u00e9xico: lo que RH debe anticipar rumbo a 2026<\/title>\n<meta name=\"description\" content=\"En los \u00faltimos a\u00f1os, el entorno laboral en M\u00e9xico ha cambiado m\u00e1s r\u00e1pido que en d\u00e9cadas anteriores. Para Recursos Humanos, el reto ya no es esperar a que\" \/>\n<meta name=\"robots\" content=\"index, follow, max-snippet:-1, max-image-preview:large, max-video-preview:-1\" \/>\n<link rel=\"canonical\" href=\"https:\/\/psicometricas.com\/blog\/aumento-salarial-jornadas-reducidas-y-nuevas-reformas-laborales-en-mexico\/\" \/>\n<meta property=\"og:locale\" content=\"es_ES\" \/>\n<meta property=\"og:type\" content=\"article\" \/>\n<meta property=\"og:title\" content=\"Aumento salarial, jornadas reducidas y nuevas reformas laborales en M\u00e9xico: lo que RH debe anticipar rumbo a 2026\" \/>\n<meta property=\"og:description\" content=\"En los \u00faltimos a\u00f1os, el entorno laboral en M\u00e9xico ha cambiado m\u00e1s r\u00e1pido que en d\u00e9cadas anteriores. Para Recursos Humanos, el reto ya no es esperar a que\" \/>\n<meta property=\"og:url\" content=\"https:\/\/psicometricas.com\/blog\/aumento-salarial-jornadas-reducidas-y-nuevas-reformas-laborales-en-mexico\/\" \/>\n<meta property=\"og:site_name\" content=\"Psicom\u00e9tricas\" \/>\n<meta property=\"article:publisher\" content=\"https:\/\/www.facebook.com\/psicometricasMx\/\" \/>\n<meta property=\"article:published_time\" content=\"2026-01-05T16:58:41+00:00\" \/>\n<meta property=\"article:modified_time\" content=\"2026-01-05T17:05:21+00:00\" \/>\n<meta property=\"og:image\" content=\"https:\/\/psicometricas.com\/blog\/wp-content\/uploads\/2026\/01\/Aumento_salarial_jornadas_reducidas-2026-1.png\" \/>\n\t<meta property=\"og:image:width\" content=\"881\" \/>\n\t<meta property=\"og:image:height\" content=\"468\" \/>\n\t<meta property=\"og:image:type\" content=\"image\/png\" \/>\n<meta name=\"author\" content=\"Erika\" \/>\n<meta name=\"twitter:card\" content=\"summary_large_image\" \/>\n<meta name=\"twitter:label1\" content=\"Escrito por\" \/>\n\t<meta name=\"twitter:data1\" content=\"Erika\" \/>\n\t<meta name=\"twitter:label2\" content=\"Tiempo de lectura\" \/>\n\t<meta name=\"twitter:data2\" content=\"5 minutos\" \/>\n<script type=\"application\/ld+json\" class=\"yoast-schema-graph\">{\"@context\":\"https:\/\/schema.org\",\"@graph\":[{\"@type\":\"Article\",\"@id\":\"https:\/\/psicometricas.com\/blog\/aumento-salarial-jornadas-reducidas-y-nuevas-reformas-laborales-en-mexico\/#article\",\"isPartOf\":{\"@id\":\"https:\/\/psicometricas.com\/blog\/aumento-salarial-jornadas-reducidas-y-nuevas-reformas-laborales-en-mexico\/\"},\"author\":{\"name\":\"Erika\",\"@id\":\"https:\/\/psicometricas.com\/blog\/#\/schema\/person\/d29ac86079764ca9e3697ff7099e5649\"},\"headline\":\"Aumento salarial, jornadas reducidas y nuevas reformas laborales en M\u00e9xico: lo que RH debe anticipar rumbo a 2026\",\"datePublished\":\"2026-01-05T16:58:41+00:00\",\"dateModified\":\"2026-01-05T17:05:21+00:00\",\"mainEntityOfPage\":{\"@id\":\"https:\/\/psicometricas.com\/blog\/aumento-salarial-jornadas-reducidas-y-nuevas-reformas-laborales-en-mexico\/\"},\"wordCount\":928,\"publisher\":{\"@id\":\"https:\/\/psicometricas.com\/blog\/#organization\"},\"image\":{\"@id\":\"https:\/\/psicometricas.com\/blog\/aumento-salarial-jornadas-reducidas-y-nuevas-reformas-laborales-en-mexico\/#primaryimage\"},\"thumbnailUrl\":\"https:\/\/psicometricas.com\/blog\/wp-content\/uploads\/2026\/01\/Aumento_salarial_jornadas_reducidas-2026-1.png\",\"articleSection\":[\"Ambiente laboral\",\"Consejos\"],\"inLanguage\":\"es\"},{\"@type\":\"WebPage\",\"@id\":\"https:\/\/psicometricas.com\/blog\/aumento-salarial-jornadas-reducidas-y-nuevas-reformas-laborales-en-mexico\/\",\"url\":\"https:\/\/psicometricas.com\/blog\/aumento-salarial-jornadas-reducidas-y-nuevas-reformas-laborales-en-mexico\/\",\"name\":\"Aumento salarial, jornadas reducidas y nuevas reformas laborales en M\u00e9xico: lo que RH debe anticipar rumbo a 2026\",\"isPartOf\":{\"@id\":\"https:\/\/psicometricas.com\/blog\/#website\"},\"primaryImageOfPage\":{\"@id\":\"https:\/\/psicometricas.com\/blog\/aumento-salarial-jornadas-reducidas-y-nuevas-reformas-laborales-en-mexico\/#primaryimage\"},\"image\":{\"@id\":\"https:\/\/psicometricas.com\/blog\/aumento-salarial-jornadas-reducidas-y-nuevas-reformas-laborales-en-mexico\/#primaryimage\"},\"thumbnailUrl\":\"https:\/\/psicometricas.com\/blog\/wp-content\/uploads\/2026\/01\/Aumento_salarial_jornadas_reducidas-2026-1.png\",\"datePublished\":\"2026-01-05T16:58:41+00:00\",\"dateModified\":\"2026-01-05T17:05:21+00:00\",\"description\":\"En los \u00faltimos a\u00f1os, el entorno laboral en M\u00e9xico ha cambiado m\u00e1s r\u00e1pido que en d\u00e9cadas anteriores. Para Recursos Humanos, el reto ya no es esperar a que\",\"breadcrumb\":{\"@id\":\"https:\/\/psicometricas.com\/blog\/aumento-salarial-jornadas-reducidas-y-nuevas-reformas-laborales-en-mexico\/#breadcrumb\"},\"inLanguage\":\"es\",\"potentialAction\":[{\"@type\":\"ReadAction\",\"target\":[\"https:\/\/psicometricas.com\/blog\/aumento-salarial-jornadas-reducidas-y-nuevas-reformas-laborales-en-mexico\/\"]}]},{\"@type\":\"ImageObject\",\"inLanguage\":\"es\",\"@id\":\"https:\/\/psicometricas.com\/blog\/aumento-salarial-jornadas-reducidas-y-nuevas-reformas-laborales-en-mexico\/#primaryimage\",\"url\":\"https:\/\/psicometricas.com\/blog\/wp-content\/uploads\/2026\/01\/Aumento_salarial_jornadas_reducidas-2026-1.png\",\"contentUrl\":\"https:\/\/psicometricas.com\/blog\/wp-content\/uploads\/2026\/01\/Aumento_salarial_jornadas_reducidas-2026-1.png\",\"width\":881,\"height\":468,\"caption\":\"Reformas laborales en M\u00e9xico: lo que Recursos Humanos debe anticipar rumbo a 2026\"},{\"@type\":\"BreadcrumbList\",\"@id\":\"https:\/\/psicometricas.com\/blog\/aumento-salarial-jornadas-reducidas-y-nuevas-reformas-laborales-en-mexico\/#breadcrumb\",\"itemListElement\":[{\"@type\":\"ListItem\",\"position\":1,\"name\":\"Home\",\"item\":\"https:\/\/psicometricas.com\/blog\/\"},{\"@type\":\"ListItem\",\"position\":2,\"name\":\"Aumento salarial, jornadas reducidas y nuevas reformas laborales en M\u00e9xico: lo que RH debe anticipar rumbo a 2026\"}]},{\"@type\":\"WebSite\",\"@id\":\"https:\/\/psicometricas.com\/blog\/#website\",\"url\":\"https:\/\/psicometricas.com\/blog\/\",\"name\":\"Psicom\u00e9tricas\",\"description\":\"Blog\",\"publisher\":{\"@id\":\"https:\/\/psicometricas.com\/blog\/#organization\"},\"potentialAction\":[{\"@type\":\"SearchAction\",\"target\":{\"@type\":\"EntryPoint\",\"urlTemplate\":\"https:\/\/psicometricas.com\/blog\/?s={search_term_string}\"},\"query-input\":{\"@type\":\"PropertyValueSpecification\",\"valueRequired\":true,\"valueName\":\"search_term_string\"}}],\"inLanguage\":\"es\"},{\"@type\":\"Organization\",\"@id\":\"https:\/\/psicometricas.com\/blog\/#organization\",\"name\":\"Psicom\u00e9tricas\",\"url\":\"https:\/\/psicometricas.com\/blog\/\",\"logo\":{\"@type\":\"ImageObject\",\"inLanguage\":\"es\",\"@id\":\"https:\/\/psicometricas.com\/blog\/#\/schema\/logo\/image\/\",\"url\":\"https:\/\/psicometricas.com\/blog\/wp-content\/uploads\/2025\/10\/logotipo_psicometricas.webp\",\"contentUrl\":\"https:\/\/psicometricas.com\/blog\/wp-content\/uploads\/2025\/10\/logotipo_psicometricas.webp\",\"width\":300,\"height\":55,\"caption\":\"Psicom\u00e9tricas\"},\"image\":{\"@id\":\"https:\/\/psicometricas.com\/blog\/#\/schema\/logo\/image\/\"},\"sameAs\":[\"https:\/\/www.facebook.com\/psicometricasMx\/\",\"https:\/\/www.linkedin.com\/company\/psicometricasmx\/\",\"https:\/\/www.youtube.com\/channel\/UCBN1RUvndc8IrPpCNhgF44Q\/featured\"]},{\"@type\":\"Person\",\"@id\":\"https:\/\/psicometricas.com\/blog\/#\/schema\/person\/d29ac86079764ca9e3697ff7099e5649\",\"name\":\"Erika\",\"image\":{\"@type\":\"ImageObject\",\"inLanguage\":\"es\",\"@id\":\"https:\/\/psicometricas.com\/blog\/#\/schema\/person\/image\/\",\"url\":\"https:\/\/secure.gravatar.com\/avatar\/6b3ccb05b12ddca4b9f1864c80adba0897c98f223de953545c897ef7121a472c?s=96&d=mm&r=g\",\"contentUrl\":\"https:\/\/secure.gravatar.com\/avatar\/6b3ccb05b12ddca4b9f1864c80adba0897c98f223de953545c897ef7121a472c?s=96&d=mm&r=g\",\"caption\":\"Erika\"},\"url\":\"https:\/\/psicometricas.com\/blog\/author\/erika\/\"}]}<\/script>\n<!-- \/ Yoast SEO plugin. -->","yoast_head_json":{"title":"Aumento salarial, jornadas reducidas y nuevas reformas laborales en M\u00e9xico: lo que RH debe anticipar rumbo a 2026","description":"En los \u00faltimos a\u00f1os, el entorno laboral en M\u00e9xico ha cambiado m\u00e1s r\u00e1pido que en d\u00e9cadas anteriores. Para Recursos Humanos, el reto ya no es esperar a que","robots":{"index":"index","follow":"follow","max-snippet":"max-snippet:-1","max-image-preview":"max-image-preview:large","max-video-preview":"max-video-preview:-1"},"canonical":"https:\/\/psicometricas.com\/blog\/aumento-salarial-jornadas-reducidas-y-nuevas-reformas-laborales-en-mexico\/","og_locale":"es_ES","og_type":"article","og_title":"Aumento salarial, jornadas reducidas y nuevas reformas laborales en M\u00e9xico: lo que RH debe anticipar rumbo a 2026","og_description":"En los \u00faltimos a\u00f1os, el entorno laboral en M\u00e9xico ha cambiado m\u00e1s r\u00e1pido que en d\u00e9cadas anteriores. Para Recursos Humanos, el reto ya no es esperar a que","og_url":"https:\/\/psicometricas.com\/blog\/aumento-salarial-jornadas-reducidas-y-nuevas-reformas-laborales-en-mexico\/","og_site_name":"Psicom\u00e9tricas","article_publisher":"https:\/\/www.facebook.com\/psicometricasMx\/","article_published_time":"2026-01-05T16:58:41+00:00","article_modified_time":"2026-01-05T17:05:21+00:00","og_image":[{"width":881,"height":468,"url":"https:\/\/psicometricas.com\/blog\/wp-content\/uploads\/2026\/01\/Aumento_salarial_jornadas_reducidas-2026-1.png","type":"image\/png"}],"author":"Erika","twitter_card":"summary_large_image","twitter_misc":{"Escrito por":"Erika","Tiempo de lectura":"5 minutos"},"schema":{"@context":"https:\/\/schema.org","@graph":[{"@type":"Article","@id":"https:\/\/psicometricas.com\/blog\/aumento-salarial-jornadas-reducidas-y-nuevas-reformas-laborales-en-mexico\/#article","isPartOf":{"@id":"https:\/\/psicometricas.com\/blog\/aumento-salarial-jornadas-reducidas-y-nuevas-reformas-laborales-en-mexico\/"},"author":{"name":"Erika","@id":"https:\/\/psicometricas.com\/blog\/#\/schema\/person\/d29ac86079764ca9e3697ff7099e5649"},"headline":"Aumento salarial, jornadas reducidas y nuevas reformas laborales en M\u00e9xico: lo que RH debe anticipar rumbo a 2026","datePublished":"2026-01-05T16:58:41+00:00","dateModified":"2026-01-05T17:05:21+00:00","mainEntityOfPage":{"@id":"https:\/\/psicometricas.com\/blog\/aumento-salarial-jornadas-reducidas-y-nuevas-reformas-laborales-en-mexico\/"},"wordCount":928,"publisher":{"@id":"https:\/\/psicometricas.com\/blog\/#organization"},"image":{"@id":"https:\/\/psicometricas.com\/blog\/aumento-salarial-jornadas-reducidas-y-nuevas-reformas-laborales-en-mexico\/#primaryimage"},"thumbnailUrl":"https:\/\/psicometricas.com\/blog\/wp-content\/uploads\/2026\/01\/Aumento_salarial_jornadas_reducidas-2026-1.png","articleSection":["Ambiente laboral","Consejos"],"inLanguage":"es"},{"@type":"WebPage","@id":"https:\/\/psicometricas.com\/blog\/aumento-salarial-jornadas-reducidas-y-nuevas-reformas-laborales-en-mexico\/","url":"https:\/\/psicometricas.com\/blog\/aumento-salarial-jornadas-reducidas-y-nuevas-reformas-laborales-en-mexico\/","name":"Aumento salarial, jornadas reducidas y nuevas reformas laborales en M\u00e9xico: lo que RH debe anticipar rumbo a 2026","isPartOf":{"@id":"https:\/\/psicometricas.com\/blog\/#website"},"primaryImageOfPage":{"@id":"https:\/\/psicometricas.com\/blog\/aumento-salarial-jornadas-reducidas-y-nuevas-reformas-laborales-en-mexico\/#primaryimage"},"image":{"@id":"https:\/\/psicometricas.com\/blog\/aumento-salarial-jornadas-reducidas-y-nuevas-reformas-laborales-en-mexico\/#primaryimage"},"thumbnailUrl":"https:\/\/psicometricas.com\/blog\/wp-content\/uploads\/2026\/01\/Aumento_salarial_jornadas_reducidas-2026-1.png","datePublished":"2026-01-05T16:58:41+00:00","dateModified":"2026-01-05T17:05:21+00:00","description":"En los \u00faltimos a\u00f1os, el entorno laboral en M\u00e9xico ha cambiado m\u00e1s r\u00e1pido que en d\u00e9cadas anteriores. Para Recursos Humanos, el reto ya no es esperar a que","breadcrumb":{"@id":"https:\/\/psicometricas.com\/blog\/aumento-salarial-jornadas-reducidas-y-nuevas-reformas-laborales-en-mexico\/#breadcrumb"},"inLanguage":"es","potentialAction":[{"@type":"ReadAction","target":["https:\/\/psicometricas.com\/blog\/aumento-salarial-jornadas-reducidas-y-nuevas-reformas-laborales-en-mexico\/"]}]},{"@type":"ImageObject","inLanguage":"es","@id":"https:\/\/psicometricas.com\/blog\/aumento-salarial-jornadas-reducidas-y-nuevas-reformas-laborales-en-mexico\/#primaryimage","url":"https:\/\/psicometricas.com\/blog\/wp-content\/uploads\/2026\/01\/Aumento_salarial_jornadas_reducidas-2026-1.png","contentUrl":"https:\/\/psicometricas.com\/blog\/wp-content\/uploads\/2026\/01\/Aumento_salarial_jornadas_reducidas-2026-1.png","width":881,"height":468,"caption":"Reformas laborales en M\u00e9xico: lo que Recursos Humanos debe anticipar rumbo a 2026"},{"@type":"BreadcrumbList","@id":"https:\/\/psicometricas.com\/blog\/aumento-salarial-jornadas-reducidas-y-nuevas-reformas-laborales-en-mexico\/#breadcrumb","itemListElement":[{"@type":"ListItem","position":1,"name":"Home","item":"https:\/\/psicometricas.com\/blog\/"},{"@type":"ListItem","position":2,"name":"Aumento salarial, jornadas reducidas y nuevas reformas laborales en M\u00e9xico: lo que RH debe anticipar rumbo a 2026"}]},{"@type":"WebSite","@id":"https:\/\/psicometricas.com\/blog\/#website","url":"https:\/\/psicometricas.com\/blog\/","name":"Psicom\u00e9tricas","description":"Blog","publisher":{"@id":"https:\/\/psicometricas.com\/blog\/#organization"},"potentialAction":[{"@type":"SearchAction","target":{"@type":"EntryPoint","urlTemplate":"https:\/\/psicometricas.com\/blog\/?s={search_term_string}"},"query-input":{"@type":"PropertyValueSpecification","valueRequired":true,"valueName":"search_term_string"}}],"inLanguage":"es"},{"@type":"Organization","@id":"https:\/\/psicometricas.com\/blog\/#organization","name":"Psicom\u00e9tricas","url":"https:\/\/psicometricas.com\/blog\/","logo":{"@type":"ImageObject","inLanguage":"es","@id":"https:\/\/psicometricas.com\/blog\/#\/schema\/logo\/image\/","url":"https:\/\/psicometricas.com\/blog\/wp-content\/uploads\/2025\/10\/logotipo_psicometricas.webp","contentUrl":"https:\/\/psicometricas.com\/blog\/wp-content\/uploads\/2025\/10\/logotipo_psicometricas.webp","width":300,"height":55,"caption":"Psicom\u00e9tricas"},"image":{"@id":"https:\/\/psicometricas.com\/blog\/#\/schema\/logo\/image\/"},"sameAs":["https:\/\/www.facebook.com\/psicometricasMx\/","https:\/\/www.linkedin.com\/company\/psicometricasmx\/","https:\/\/www.youtube.com\/channel\/UCBN1RUvndc8IrPpCNhgF44Q\/featured"]},{"@type":"Person","@id":"https:\/\/psicometricas.com\/blog\/#\/schema\/person\/d29ac86079764ca9e3697ff7099e5649","name":"Erika","image":{"@type":"ImageObject","inLanguage":"es","@id":"https:\/\/psicometricas.com\/blog\/#\/schema\/person\/image\/","url":"https:\/\/secure.gravatar.com\/avatar\/6b3ccb05b12ddca4b9f1864c80adba0897c98f223de953545c897ef7121a472c?s=96&d=mm&r=g","contentUrl":"https:\/\/secure.gravatar.com\/avatar\/6b3ccb05b12ddca4b9f1864c80adba0897c98f223de953545c897ef7121a472c?s=96&d=mm&r=g","caption":"Erika"},"url":"https:\/\/psicometricas.com\/blog\/author\/erika\/"}]}},"_links":{"self":[{"href":"https:\/\/psicometricas.com\/blog\/wp-json\/wp\/v2\/posts\/3546","targetHints":{"allow":["GET"]}}],"collection":[{"href":"https:\/\/psicometricas.com\/blog\/wp-json\/wp\/v2\/posts"}],"about":[{"href":"https:\/\/psicometricas.com\/blog\/wp-json\/wp\/v2\/types\/post"}],"author":[{"embeddable":true,"href":"https:\/\/psicometricas.com\/blog\/wp-json\/wp\/v2\/users\/12"}],"replies":[{"embeddable":true,"href":"https:\/\/psicometricas.com\/blog\/wp-json\/wp\/v2\/comments?post=3546"}],"version-history":[{"count":7,"href":"https:\/\/psicometricas.com\/blog\/wp-json\/wp\/v2\/posts\/3546\/revisions"}],"predecessor-version":[{"id":3555,"href":"https:\/\/psicometricas.com\/blog\/wp-json\/wp\/v2\/posts\/3546\/revisions\/3555"}],"wp:featuredmedia":[{"embeddable":true,"href":"https:\/\/psicometricas.com\/blog\/wp-json\/wp\/v2\/media\/3553"}],"wp:attachment":[{"href":"https:\/\/psicometricas.com\/blog\/wp-json\/wp\/v2\/media?parent=3546"}],"wp:term":[{"taxonomy":"category","embeddable":true,"href":"https:\/\/psicometricas.com\/blog\/wp-json\/wp\/v2\/categories?post=3546"},{"taxonomy":"post_tag","embeddable":true,"href":"https:\/\/psicometricas.com\/blog\/wp-json\/wp\/v2\/tags?post=3546"}],"curies":[{"name":"wp","href":"https:\/\/api.w.org\/{rel}","templated":true}]}}